{"id":4871,"date":"2024-05-28T09:05:46","date_gmt":"2024-05-28T07:05:46","guid":{"rendered":"https:\/\/www.tri-team.de\/triteam2022\/?p=4871"},"modified":"2024-05-28T09:05:47","modified_gmt":"2024-05-28T07:05:47","slug":"radrennen-media-vuelta-al-teide-auf-teneriffa-18-05-2024","status":"publish","type":"post","link":"https:\/\/www.tri-team.de\/triteam2022\/radrennen-media-vuelta-al-teide-auf-teneriffa-18-05-2024\/","title":{"rendered":"Radrennen &#8222;Media Vuelta al Teide&#8220; auf Teneriffa, 18.05.2024"},"content":{"rendered":"\n<p>3715 Meter hoch, der Teide, Spaniens h\u00f6chster Berg auf Teneriffa. Am Samstag, den 18.05. fand die \u201eVuelta al Teide\u201c (ganze Teide-Umrundung) oder die \u201eMedia Vuelta al Teide\u201c auf der Kanareninsel statt. Elke nahm bei der letzter genannten, der halben Teide-Umrundung zusammen mit ca. 500 Startern (darunter rund 60 Frauen) teil. 2000 H\u00f6henmeter auf 95 km Strecke (75 km davon gingen in die Zeitmessung ein) von Santiago del Teide im Westen der Insel bis zum Ziel in Puerto de La Cruz im Norden sollten \u00fcberwunden werden, am h\u00f6chsten Punkt des Radrennens bot sich ein gigantischer Blick \u00fcber das Wolkenmeer und die angrenzenden Inseln! Es war \u00fcberw\u00e4ltigend und Elke beendete den Wettkampf als 6. Frau in der Gesamtwertung und 2. in ihrer Altersklasse.<\/p>\n","protected":false},"excerpt":{"rendered":"<p>3715 Meter hoch, der Teide, Spaniens h\u00f6chster Berg auf Teneriffa. Am Samstag, den 18.05. fand die \u201eVuelta al Teide\u201c (ganze Teide-Umrundung) oder die \u201eMedia Vuelta al Teide\u201c auf der Kanareninsel statt. Elke nahm bei der letzter genannten, der halben Teide-Umrundung zusammen mit ca. 500 Startern (darunter rund 60 Frauen) teil. 2000 H\u00f6henmeter auf 95 km [&hellip;]<\/p>\n","protected":false},"author":1,"featured_media":4872,"comment_status":"open","ping_status":"open","sticky":false,"template":"","format":"standard","meta":{"footnotes":""},"categories":[1],"tags":[],"class_list":["post-4871","post","type-post","status-publish","format-standard","has-post-thumbnail","hentry","category-allgemein","entry","has-media"],"_links":{"self":[{"href":"https:\/\/www.tri-team.de\/triteam2022\/wp-json\/wp\/v2\/posts\/4871","targetHints":{"allow":["GET"]}}],"collection":[{"href":"https:\/\/www.tri-team.de\/triteam2022\/wp-json\/wp\/v2\/posts"}],"about":[{"href":"https:\/\/www.tri-team.de\/triteam2022\/wp-json\/wp\/v2\/types\/post"}],"author":[{"embeddable":true,"href":"https:\/\/www.tri-team.de\/triteam2022\/wp-json\/wp\/v2\/users\/1"}],"replies":[{"embeddable":true,"href":"https:\/\/www.tri-team.de\/triteam2022\/wp-json\/wp\/v2\/comments?post=4871"}],"version-history":[{"count":1,"href":"https:\/\/www.tri-team.de\/triteam2022\/wp-json\/wp\/v2\/posts\/4871\/revisions"}],"predecessor-version":[{"id":4873,"href":"https:\/\/www.tri-team.de\/triteam2022\/wp-json\/wp\/v2\/posts\/4871\/revisions\/4873"}],"wp:featuredmedia":[{"embeddable":true,"href":"https:\/\/www.tri-team.de\/triteam2022\/wp-json\/wp\/v2\/media\/4872"}],"wp:attachment":[{"href":"https:\/\/www.tri-team.de\/triteam2022\/wp-json\/wp\/v2\/media?parent=4871"}],"wp:term":[{"taxonomy":"category","embeddable":true,"href":"https:\/\/www.tri-team.de\/triteam2022\/wp-json\/wp\/v2\/categories?post=4871"},{"taxonomy":"post_tag","embeddable":true,"href":"https:\/\/www.tri-team.de\/triteam2022\/wp-json\/wp\/v2\/tags?post=4871"}],"curies":[{"name":"wp","href":"https:\/\/api.w.org\/{rel}","templated":true}]}}