{"id":4892,"date":"2024-07-11T08:32:22","date_gmt":"2024-07-11T06:32:22","guid":{"rendered":"https:\/\/www.tri-team.de\/triteam2022\/?p=4892"},"modified":"2024-07-11T08:32:23","modified_gmt":"2024-07-11T06:32:23","slug":"gabi-gmelins-weg-zur-triathlon-wm-in-neuseeland","status":"publish","type":"post","link":"https:\/\/www.tri-team.de\/triteam2022\/gabi-gmelins-weg-zur-triathlon-wm-in-neuseeland\/","title":{"rendered":"Gabi Gmelins Weg zur Triathlon WM in Neuseeland"},"content":{"rendered":"\n<p>Da ist das \u201eDING\u201c \u2013 hie\u00df es f\u00fcr mich am 30.06.24, als ich den Slot in meiner Hand hielt. Der<br>Slot &#8211; die Eintrittskarte f\u00fcr die 70.3 Triathlon WM am 14.12.24 in Neuseeland.<br>Der Weg dahin war so, wie man sich es auch vorstellt und vermutlich auch sein muss, hart<br>und beschwerlich. 12 Monate Training lagen hinter mir, als ich am regnerischen Morgen um<br>8 Uhr in Remich, Luxembourg beim Ironman 70.3 in die Mosel stieg, um mit 2500 anderen<br>Triathleten 2km mit und gegen die Str\u00f6mung zu schwimmen. Zwar mit Neoprenanzug, doch<br>anders als erst vermutet, lief das jedoch leider nicht so, wie erwartet. Nach 43min ging es in<br>die Wechselzone und auf das Rad. Da es in der Nacht ziemlich gest\u00fcrmt und auch geregnet<br>hatte, waren die Stra\u00dfen noch sehr nass und vom Bl\u00fctenstaub rutschig. Mein Vorteil, denn<br>ich habe keine Angst auf dem Rad und so konnte ich den anfangs flachen, danach sehr<br>welligen Radkurs in 2:56h und als 4 meiner Altersklasse bew\u00e4ltigen. Diese Platzierung<br>konnte ich leider auf der flachen Laufstrecke trotz meines gleichm\u00e4\u00dfigen und konstanten<br>Laufs nicht halten. Egal. Die letzten 3 km vor dem Ziel nochmal fokussiert und Gas gegeben,<br>so dass ich nach 5:47h endlich als 7 meiner Altersklasse die Ziellinie passieren konnte. Bis<br>dahin war mir noch nicht klar, dass die Zeit f\u00fcr eine Qualifikation reichen w\u00fcrde und ich 5h<br>sp\u00e4ter auf der Slotvergabe tats\u00e4chlich den Slot \u00fcberreicht bekomme! Unbeschreiblich ist das<br>Gef\u00fchl, wenn ein Traum in Erf\u00fcllung geht. Gro\u00dfen Dank geht an alle, die daran beteiligt<br>waren. Bericht von Neuseeland folgt!<\/p>\n","protected":false},"excerpt":{"rendered":"<p>Da ist das \u201eDING\u201c \u2013 hie\u00df es f\u00fcr mich am 30.06.24, als ich den Slot in meiner Hand hielt. DerSlot &#8211; die Eintrittskarte f\u00fcr die 70.3 Triathlon WM am 14.12.24 in Neuseeland.Der Weg dahin war so, wie man sich es auch vorstellt und vermutlich auch sein muss, hartund beschwerlich. 12 Monate Training lagen hinter mir, [&hellip;]<\/p>\n","protected":false},"author":1,"featured_media":4893,"comment_status":"open","ping_status":"open","sticky":false,"template":"","format":"standard","meta":{"footnotes":""},"categories":[1],"tags":[],"class_list":["post-4892","post","type-post","status-publish","format-standard","has-post-thumbnail","hentry","category-allgemein","entry","has-media"],"_links":{"self":[{"href":"https:\/\/www.tri-team.de\/triteam2022\/wp-json\/wp\/v2\/posts\/4892","targetHints":{"allow":["GET"]}}],"collection":[{"href":"https:\/\/www.tri-team.de\/triteam2022\/wp-json\/wp\/v2\/posts"}],"about":[{"href":"https:\/\/www.tri-team.de\/triteam2022\/wp-json\/wp\/v2\/types\/post"}],"author":[{"embeddable":true,"href":"https:\/\/www.tri-team.de\/triteam2022\/wp-json\/wp\/v2\/users\/1"}],"replies":[{"embeddable":true,"href":"https:\/\/www.tri-team.de\/triteam2022\/wp-json\/wp\/v2\/comments?post=4892"}],"version-history":[{"count":1,"href":"https:\/\/www.tri-team.de\/triteam2022\/wp-json\/wp\/v2\/posts\/4892\/revisions"}],"predecessor-version":[{"id":4894,"href":"https:\/\/www.tri-team.de\/triteam2022\/wp-json\/wp\/v2\/posts\/4892\/revisions\/4894"}],"wp:featuredmedia":[{"embeddable":true,"href":"https:\/\/www.tri-team.de\/triteam2022\/wp-json\/wp\/v2\/media\/4893"}],"wp:attachment":[{"href":"https:\/\/www.tri-team.de\/triteam2022\/wp-json\/wp\/v2\/media?parent=4892"}],"wp:term":[{"taxonomy":"category","embeddable":true,"href":"https:\/\/www.tri-team.de\/triteam2022\/wp-json\/wp\/v2\/categories?post=4892"},{"taxonomy":"post_tag","embeddable":true,"href":"https:\/\/www.tri-team.de\/triteam2022\/wp-json\/wp\/v2\/tags?post=4892"}],"curies":[{"name":"wp","href":"https:\/\/api.w.org\/{rel}","templated":true}]}}