{"id":4931,"date":"2024-11-06T09:56:56","date_gmt":"2024-11-06T08:56:56","guid":{"rendered":"https:\/\/www.tri-team.de\/triteam2022\/?p=4931"},"modified":"2024-11-06T09:56:57","modified_gmt":"2024-11-06T08:56:57","slug":"crossduathlon-oestringen-2024","status":"publish","type":"post","link":"https:\/\/www.tri-team.de\/triteam2022\/crossduathlon-oestringen-2024\/","title":{"rendered":"Crossduathlon \u00d6stringen 2024"},"content":{"rendered":"\n<p>Zum Finale des Badischen Triathlon Cups lie\u00dfen es sich unsere beiden Athleten Moritz Gmelin und Nils Leger nicht nehmen, beim &#8222;KraichgauMAN&#8220; ,dem Crossduathlon in \u00d6stringen an der Startlinie zu stehen. Bis ins Ziel mussten zun\u00e4chst 7km Lauf, dann 28,5km Rad und abschlie\u00dfend nochmal 3,5km laufend absolviert werden <img loading=\"lazy\" decoding=\"async\" height=\"16\" width=\"16\" alt=\"\ud83c\udfc3\u200d\u2642\ufe0f\" src=\"https:\/\/static.xx.fbcdn.net\/images\/emoji.php\/v9\/tab\/1\/16\/1f3c3_200d_2642.png\"><img loading=\"lazy\" decoding=\"async\" height=\"16\" width=\"16\" alt=\"\ud83d\udeb5\" src=\"https:\/\/static.xx.fbcdn.net\/images\/emoji.php\/v9\/t61\/1\/16\/1f6b5.png\"><img loading=\"lazy\" decoding=\"async\" height=\"16\" width=\"16\" alt=\"\ud83c\udfc3\u200d\u2642\ufe0f\" src=\"https:\/\/static.xx.fbcdn.net\/images\/emoji.php\/v9\/tab\/1\/16\/1f3c3_200d_2642.png\"><img loading=\"lazy\" decoding=\"async\" height=\"16\" width=\"16\" alt=\"\ud83c\udfc1\" src=\"https:\/\/static.xx.fbcdn.net\/images\/emoji.php\/v9\/t39\/1\/16\/1f3c1.png\">, wobei der Abschnitt durch die Tongrube sicherlich das Highlight auf jeder der drei Radrunden war! <img loading=\"lazy\" decoding=\"async\" height=\"16\" width=\"16\" alt=\"\ud83d\ude0d\" src=\"https:\/\/static.xx.fbcdn.net\/images\/emoji.php\/v9\/t2\/1\/16\/1f60d.png\"><\/p>\n\n\n\n<p>Souver\u00e4n zeigten Moritz und Nils, dass sie auch <a><\/a>auf dem MTB flott unterwegs sind:<\/p>\n\n\n\n<p>Moritz: 1:53:57h, Platz 12 gesamt M und Platz 2 der AK <img loading=\"lazy\" decoding=\"async\" height=\"16\" width=\"16\" alt=\"\ud83e\udd48\" src=\"https:\/\/static.xx.fbcdn.net\/images\/emoji.php\/v9\/t15\/1\/16\/1f948.png\"><\/p>\n\n\n\n<p>Nils: 2:02:02h, Platz 27 gesamt M, Platz 5 der AK<\/p>\n\n\n\n<p>Mit von der Partie war auch Moritz&#8216; Bekannte Beate Zschorlich, die gerade aus K\u00f6ln zu Besuch ist und ebenfalls ein starkes Rennen ablieferte (Platz 4 gesamt W, Platz 1 AK)<\/p>\n","protected":false},"excerpt":{"rendered":"<p>Zum Finale des Badischen Triathlon Cups lie\u00dfen es sich unsere beiden Athleten Moritz Gmelin und Nils Leger nicht nehmen, beim &#8222;KraichgauMAN&#8220; ,dem Crossduathlon in \u00d6stringen an der Startlinie zu stehen. Bis ins Ziel mussten zun\u00e4chst 7km Lauf, dann 28,5km Rad und abschlie\u00dfend nochmal 3,5km laufend absolviert werden , wobei der Abschnitt durch die Tongrube sicherlich [&hellip;]<\/p>\n","protected":false},"author":1,"featured_media":4932,"comment_status":"open","ping_status":"open","sticky":false,"template":"","format":"standard","meta":{"footnotes":""},"categories":[1],"tags":[],"class_list":["post-4931","post","type-post","status-publish","format-standard","has-post-thumbnail","hentry","category-allgemein","entry","has-media"],"_links":{"self":[{"href":"https:\/\/www.tri-team.de\/triteam2022\/wp-json\/wp\/v2\/posts\/4931","targetHints":{"allow":["GET"]}}],"collection":[{"href":"https:\/\/www.tri-team.de\/triteam2022\/wp-json\/wp\/v2\/posts"}],"about":[{"href":"https:\/\/www.tri-team.de\/triteam2022\/wp-json\/wp\/v2\/types\/post"}],"author":[{"embeddable":true,"href":"https:\/\/www.tri-team.de\/triteam2022\/wp-json\/wp\/v2\/users\/1"}],"replies":[{"embeddable":true,"href":"https:\/\/www.tri-team.de\/triteam2022\/wp-json\/wp\/v2\/comments?post=4931"}],"version-history":[{"count":1,"href":"https:\/\/www.tri-team.de\/triteam2022\/wp-json\/wp\/v2\/posts\/4931\/revisions"}],"predecessor-version":[{"id":4933,"href":"https:\/\/www.tri-team.de\/triteam2022\/wp-json\/wp\/v2\/posts\/4931\/revisions\/4933"}],"wp:featuredmedia":[{"embeddable":true,"href":"https:\/\/www.tri-team.de\/triteam2022\/wp-json\/wp\/v2\/media\/4932"}],"wp:attachment":[{"href":"https:\/\/www.tri-team.de\/triteam2022\/wp-json\/wp\/v2\/media?parent=4931"}],"wp:term":[{"taxonomy":"category","embeddable":true,"href":"https:\/\/www.tri-team.de\/triteam2022\/wp-json\/wp\/v2\/categories?post=4931"},{"taxonomy":"post_tag","embeddable":true,"href":"https:\/\/www.tri-team.de\/triteam2022\/wp-json\/wp\/v2\/tags?post=4931"}],"curies":[{"name":"wp","href":"https:\/\/api.w.org\/{rel}","templated":true}]}}